{"id":14008,"date":"2025-12-01T13:17:53","date_gmt":"2025-12-01T12:17:53","guid":{"rendered":"https:\/\/michelmejuto.com\/?p=14008"},"modified":"2026-02-11T12:57:56","modified_gmt":"2026-02-11T11:57:56","slug":"txomin-badiola-%c2%b7-pello-irazu-%c2%b7-dario-urzay-nueva-york-primeros-anos-1990-1992","status":"publish","type":"post","link":"https:\/\/michelmejuto.com\/en\/txomin-badiola-%c2%b7-pello-irazu-%c2%b7-dario-urzay-nueva-york-primeros-anos-1990-1992\/","title":{"rendered":"TXOMIN BADIOLA \u00b7 PELLO IRAZU \u00b7 DAR\u00cdO URZAY Nueva York. Primeros a\u00f1os 1990-1992"},"content":{"rendered":"<h3><a href=\"https:\/\/michelmejuto.com\/web\/wp-content\/uploads\/2025\/12\/Catalogo-Nueva-York.-Primeros-anos.pdf\">Descargar cat\u00e1logo<\/a><\/h3>\n<p>&nbsp;<\/p>\n<p>En enero del a\u00f1o 1990, Txomin Badiola y Dar\u00edo Urzay se instalan en Nueva York. Dos meses despu\u00e9s lo har\u00eda Pello Irazu. Todos ellos proced\u00edan de estancias en Londres; los dos primeros de un a\u00f1o de residencia en los Delfina Studios Trust, y el tercero de unos meses en su propio estudio de Clapham. La obra de los tres realizada en este tiempo fue expuesta conjuntamente en Riverside Studios de Londres, en 1989. Durante el primer a\u00f1o americano, Badiola y Urzay compartieron un loft en el 28 East 4th Street, hasta que Dar\u00edo se traslad\u00f3 a otro en Crosby Street. Irazu alquil\u00f3 un espacio el calle Chambers, movi\u00e9ndose al poco a otro m\u00e1s amplio en al calle White. Adem\u00e1s de sus exposiciones nacionales e internacionales, pronto comienzan a exponer individual y colectivamente en galer\u00edas americanas: Louver Gallery, Tony Shafrazi Gallery, Sonnabed Gallery, John Weber Gallery (Badiola); John Weber Gallery, Kostas Grimaldis Gallery en Baltimore, Christopher Grimes Gallery en Los \u00c1ngeles (Irazu); Jan Kesner Gallery, Pamela Auchincloss Gallery, Louver Gallery en Los \u00c1ngeles (Urzay). La obra de los tres artistas fue recogida en la exposici\u00f3n America Discovers Spain comisariada en 1991 por Barbara Rose y Robert S. Lubar para el Spanish Institute. La presente exposici\u00f3n recoge obras realizadas en los tres primeros a\u00f1os de su estancia neoyorquina, entre 1990 y 1992.<\/p>\n","protected":false},"excerpt":{"rendered":"<p>Descargar cat\u00e1logo &nbsp; En enero del a\u00f1o 1990, Txomin Badiola y Dar\u00edo Urzay se instalan en Nueva York. Dos meses despu\u00e9s lo har\u00eda Pello Irazu. Todos ellos proced\u00edan de estancias en Londres; los dos primeros de un a\u00f1o de residencia en los Delfina Studios Trust,&#8230;<\/p>\n","protected":false},"author":4,"featured_media":14086,"comment_status":"closed","ping_status":"closed","sticky":false,"template":"","format":"standard","meta":{"_acf_changed":false,"footnotes":""},"categories":[1],"tags":[],"class_list":["post-14008","post","type-post","status-publish","format-standard","has-post-thumbnail","hentry","category-sin-categorizar"],"acf":[],"yoast_head":"<!-- This site is optimized with the Yoast SEO plugin v25.6 - https:\/\/yoast.com\/wordpress\/plugins\/seo\/ -->\n<title>TXOMIN BADIOLA \u00b7 PELLO IRAZU \u00b7 DAR\u00cdO URZAY Nueva York. Primeros a\u00f1os 1990-1992 - Galer\u00eda Michel Mejuto<\/title>\n<meta name=\"robots\" content=\"index, follow, max-snippet:-1, max-image-preview:large, max-video-preview:-1\" \/>\n<link rel=\"canonical\" href=\"https:\/\/michelmejuto.com\/txomin-badiola-\u00b7-pello-irazu-\u00b7-dario-urzay-nueva-york-primeros-anos-1990-1992\/\" \/>\n<meta property=\"og:locale\" content=\"en_US\" \/>\n<meta property=\"og:type\" content=\"article\" \/>\n<meta property=\"og:title\" content=\"TXOMIN BADIOLA \u00b7 PELLO IRAZU \u00b7 DAR\u00cdO URZAY Nueva York. Primeros a\u00f1os 1990-1992 - Galer\u00eda Michel Mejuto\" \/>\n<meta property=\"og:description\" content=\"Descargar cat\u00e1logo &nbsp; En enero del a\u00f1o 1990, Txomin Badiola y Dar\u00edo Urzay se instalan en Nueva York. Dos meses despu\u00e9s lo har\u00eda Pello Irazu. Todos ellos proced\u00edan de estancias en Londres; los dos primeros de un a\u00f1o de residencia en los Delfina Studios Trust,...\" \/>\n<meta property=\"og:url\" content=\"https:\/\/michelmejuto.com\/txomin-badiola-\u00b7-pello-irazu-\u00b7-dario-urzay-nueva-york-primeros-anos-1990-1992\/\" \/>\n<meta property=\"og:site_name\" content=\"Galer\u00eda Michel Mejuto\" \/>\n<meta property=\"article:published_time\" content=\"2025-12-01T12:17:53+00:00\" \/>\n<meta property=\"article:modified_time\" content=\"2026-02-11T11:57:56+00:00\" \/>\n<meta property=\"og:image\" content=\"https:\/\/michelmejuto.com\/web\/wp-content\/uploads\/2025\/12\/Portada.jpg\" \/>\n\t<meta property=\"og:image:width\" content=\"877\" \/>\n\t<meta property=\"og:image:height\" content=\"686\" \/>\n\t<meta property=\"og:image:type\" content=\"image\/jpeg\" \/>\n<meta name=\"author\" content=\"Amaia\" \/>\n<meta name=\"twitter:card\" content=\"summary_large_image\" \/>\n<script type=\"application\/ld+json\" class=\"yoast-schema-graph\">{\"@context\":\"https:\/\/schema.org\",\"@graph\":[{\"@type\":\"Article\",\"@id\":\"https:\/\/michelmejuto.com\/txomin-badiola-%c2%b7-pello-irazu-%c2%b7-dario-urzay-nueva-york-primeros-anos-1990-1992\/#article\",\"isPartOf\":{\"@id\":\"https:\/\/michelmejuto.com\/txomin-badiola-%c2%b7-pello-irazu-%c2%b7-dario-urzay-nueva-york-primeros-anos-1990-1992\/\"},\"author\":{\"name\":\"Amaia\",\"@id\":\"https:\/\/michelmejuto.com\/#\/schema\/person\/a0ad96c0f1fad32354fc1d010d5203ba\"},\"headline\":\"TXOMIN BADIOLA \u00b7 PELLO IRAZU \u00b7 DAR\u00cdO URZAY Nueva York. Primeros a\u00f1os 1990-1992\",\"datePublished\":\"2025-12-01T12:17:53+00:00\",\"dateModified\":\"2026-02-11T11:57:56+00:00\",\"mainEntityOfPage\":{\"@id\":\"https:\/\/michelmejuto.com\/txomin-badiola-%c2%b7-pello-irazu-%c2%b7-dario-urzay-nueva-york-primeros-anos-1990-1992\/\"},\"wordCount\":246,\"publisher\":{\"@id\":\"https:\/\/michelmejuto.com\/#organization\"},\"image\":{\"@id\":\"https:\/\/michelmejuto.com\/txomin-badiola-%c2%b7-pello-irazu-%c2%b7-dario-urzay-nueva-york-primeros-anos-1990-1992\/#primaryimage\"},\"thumbnailUrl\":\"https:\/\/michelmejuto.com\/web\/wp-content\/uploads\/2025\/12\/Portada.jpg\",\"articleSection\":[\"Sin categorizar\"],\"inLanguage\":\"en-US\"},{\"@type\":\"WebPage\",\"@id\":\"https:\/\/michelmejuto.com\/txomin-badiola-%c2%b7-pello-irazu-%c2%b7-dario-urzay-nueva-york-primeros-anos-1990-1992\/\",\"url\":\"https:\/\/michelmejuto.com\/txomin-badiola-%c2%b7-pello-irazu-%c2%b7-dario-urzay-nueva-york-primeros-anos-1990-1992\/\",\"name\":\"TXOMIN BADIOLA \u00b7 PELLO IRAZU \u00b7 DAR\u00cdO URZAY Nueva York. Primeros a\u00f1os 1990-1992 - Galer\u00eda Michel Mejuto\",\"isPartOf\":{\"@id\":\"https:\/\/michelmejuto.com\/#website\"},\"primaryImageOfPage\":{\"@id\":\"https:\/\/michelmejuto.com\/txomin-badiola-%c2%b7-pello-irazu-%c2%b7-dario-urzay-nueva-york-primeros-anos-1990-1992\/#primaryimage\"},\"image\":{\"@id\":\"https:\/\/michelmejuto.com\/txomin-badiola-%c2%b7-pello-irazu-%c2%b7-dario-urzay-nueva-york-primeros-anos-1990-1992\/#primaryimage\"},\"thumbnailUrl\":\"https:\/\/michelmejuto.com\/web\/wp-content\/uploads\/2025\/12\/Portada.jpg\",\"datePublished\":\"2025-12-01T12:17:53+00:00\",\"dateModified\":\"2026-02-11T11:57:56+00:00\",\"breadcrumb\":{\"@id\":\"https:\/\/michelmejuto.com\/txomin-badiola-%c2%b7-pello-irazu-%c2%b7-dario-urzay-nueva-york-primeros-anos-1990-1992\/#breadcrumb\"},\"inLanguage\":\"en-US\",\"potentialAction\":[{\"@type\":\"ReadAction\",\"target\":[\"https:\/\/michelmejuto.com\/txomin-badiola-%c2%b7-pello-irazu-%c2%b7-dario-urzay-nueva-york-primeros-anos-1990-1992\/\"]}]},{\"@type\":\"ImageObject\",\"inLanguage\":\"en-US\",\"@id\":\"https:\/\/michelmejuto.com\/txomin-badiola-%c2%b7-pello-irazu-%c2%b7-dario-urzay-nueva-york-primeros-anos-1990-1992\/#primaryimage\",\"url\":\"https:\/\/michelmejuto.com\/web\/wp-content\/uploads\/2025\/12\/Portada.jpg\",\"contentUrl\":\"https:\/\/michelmejuto.com\/web\/wp-content\/uploads\/2025\/12\/Portada.jpg\",\"width\":877,\"height\":686},{\"@type\":\"BreadcrumbList\",\"@id\":\"https:\/\/michelmejuto.com\/txomin-badiola-%c2%b7-pello-irazu-%c2%b7-dario-urzay-nueva-york-primeros-anos-1990-1992\/#breadcrumb\",\"itemListElement\":[{\"@type\":\"ListItem\",\"position\":1,\"name\":\"Portada\",\"item\":\"https:\/\/michelmejuto.com\/en\/\"},{\"@type\":\"ListItem\",\"position\":2,\"name\":\"TXOMIN BADIOLA \u00b7 PELLO IRAZU \u00b7 DAR\u00cdO URZAY Nueva York. Primeros a\u00f1os 1990-1992\"}]},{\"@type\":\"WebSite\",\"@id\":\"https:\/\/michelmejuto.com\/#website\",\"url\":\"https:\/\/michelmejuto.com\/\",\"name\":\"Galer\u00eda Michel Mejuto\",\"description\":\"Galer\u00eda de Arte y Tasaciones\",\"publisher\":{\"@id\":\"https:\/\/michelmejuto.com\/#organization\"},\"potentialAction\":[{\"@type\":\"SearchAction\",\"target\":{\"@type\":\"EntryPoint\",\"urlTemplate\":\"https:\/\/michelmejuto.com\/?s={search_term_string}\"},\"query-input\":{\"@type\":\"PropertyValueSpecification\",\"valueRequired\":true,\"valueName\":\"search_term_string\"}}],\"inLanguage\":\"en-US\"},{\"@type\":\"Organization\",\"@id\":\"https:\/\/michelmejuto.com\/#organization\",\"name\":\"Galer\u00eda Michel Mejuto\",\"url\":\"https:\/\/michelmejuto.com\/\",\"logo\":{\"@type\":\"ImageObject\",\"inLanguage\":\"en-US\",\"@id\":\"https:\/\/michelmejuto.com\/#\/schema\/logo\/image\/\",\"url\":\"https:\/\/michelmejuto.com\/web\/wp-content\/uploads\/2021\/11\/michel-mejuto-logo-galeria.png\",\"contentUrl\":\"https:\/\/michelmejuto.com\/web\/wp-content\/uploads\/2021\/11\/michel-mejuto-logo-galeria.png\",\"width\":800,\"height\":135,\"caption\":\"Galer\u00eda Michel Mejuto\"},\"image\":{\"@id\":\"https:\/\/michelmejuto.com\/#\/schema\/logo\/image\/\"}},{\"@type\":\"Person\",\"@id\":\"https:\/\/michelmejuto.com\/#\/schema\/person\/a0ad96c0f1fad32354fc1d010d5203ba\",\"name\":\"Amaia\"}]}<\/script>\n<!-- \/ Yoast SEO plugin. -->","yoast_head_json":{"title":"TXOMIN BADIOLA \u00b7 PELLO IRAZU \u00b7 DAR\u00cdO URZAY Nueva York. Primeros a\u00f1os 1990-1992 - Galer\u00eda Michel Mejuto","robots":{"index":"index","follow":"follow","max-snippet":"max-snippet:-1","max-image-preview":"max-image-preview:large","max-video-preview":"max-video-preview:-1"},"canonical":"https:\/\/michelmejuto.com\/txomin-badiola-\u00b7-pello-irazu-\u00b7-dario-urzay-nueva-york-primeros-anos-1990-1992\/","og_locale":"en_US","og_type":"article","og_title":"TXOMIN BADIOLA \u00b7 PELLO IRAZU \u00b7 DAR\u00cdO URZAY Nueva York. Primeros a\u00f1os 1990-1992 - Galer\u00eda Michel Mejuto","og_description":"Descargar cat\u00e1logo &nbsp; En enero del a\u00f1o 1990, Txomin Badiola y Dar\u00edo Urzay se instalan en Nueva York. Dos meses despu\u00e9s lo har\u00eda Pello Irazu. Todos ellos proced\u00edan de estancias en Londres; los dos primeros de un a\u00f1o de residencia en los Delfina Studios Trust,...","og_url":"https:\/\/michelmejuto.com\/txomin-badiola-\u00b7-pello-irazu-\u00b7-dario-urzay-nueva-york-primeros-anos-1990-1992\/","og_site_name":"Galer\u00eda Michel Mejuto","article_published_time":"2025-12-01T12:17:53+00:00","article_modified_time":"2026-02-11T11:57:56+00:00","og_image":[{"width":877,"height":686,"url":"https:\/\/michelmejuto.com\/web\/wp-content\/uploads\/2025\/12\/Portada.jpg","type":"image\/jpeg"}],"author":"Amaia","twitter_card":"summary_large_image","schema":{"@context":"https:\/\/schema.org","@graph":[{"@type":"Article","@id":"https:\/\/michelmejuto.com\/txomin-badiola-%c2%b7-pello-irazu-%c2%b7-dario-urzay-nueva-york-primeros-anos-1990-1992\/#article","isPartOf":{"@id":"https:\/\/michelmejuto.com\/txomin-badiola-%c2%b7-pello-irazu-%c2%b7-dario-urzay-nueva-york-primeros-anos-1990-1992\/"},"author":{"name":"Amaia","@id":"https:\/\/michelmejuto.com\/#\/schema\/person\/a0ad96c0f1fad32354fc1d010d5203ba"},"headline":"TXOMIN BADIOLA \u00b7 PELLO IRAZU \u00b7 DAR\u00cdO URZAY Nueva York. Primeros a\u00f1os 1990-1992","datePublished":"2025-12-01T12:17:53+00:00","dateModified":"2026-02-11T11:57:56+00:00","mainEntityOfPage":{"@id":"https:\/\/michelmejuto.com\/txomin-badiola-%c2%b7-pello-irazu-%c2%b7-dario-urzay-nueva-york-primeros-anos-1990-1992\/"},"wordCount":246,"publisher":{"@id":"https:\/\/michelmejuto.com\/#organization"},"image":{"@id":"https:\/\/michelmejuto.com\/txomin-badiola-%c2%b7-pello-irazu-%c2%b7-dario-urzay-nueva-york-primeros-anos-1990-1992\/#primaryimage"},"thumbnailUrl":"https:\/\/michelmejuto.com\/web\/wp-content\/uploads\/2025\/12\/Portada.jpg","articleSection":["Sin categorizar"],"inLanguage":"en-US"},{"@type":"WebPage","@id":"https:\/\/michelmejuto.com\/txomin-badiola-%c2%b7-pello-irazu-%c2%b7-dario-urzay-nueva-york-primeros-anos-1990-1992\/","url":"https:\/\/michelmejuto.com\/txomin-badiola-%c2%b7-pello-irazu-%c2%b7-dario-urzay-nueva-york-primeros-anos-1990-1992\/","name":"TXOMIN BADIOLA \u00b7 PELLO IRAZU \u00b7 DAR\u00cdO URZAY Nueva York. Primeros a\u00f1os 1990-1992 - Galer\u00eda Michel Mejuto","isPartOf":{"@id":"https:\/\/michelmejuto.com\/#website"},"primaryImageOfPage":{"@id":"https:\/\/michelmejuto.com\/txomin-badiola-%c2%b7-pello-irazu-%c2%b7-dario-urzay-nueva-york-primeros-anos-1990-1992\/#primaryimage"},"image":{"@id":"https:\/\/michelmejuto.com\/txomin-badiola-%c2%b7-pello-irazu-%c2%b7-dario-urzay-nueva-york-primeros-anos-1990-1992\/#primaryimage"},"thumbnailUrl":"https:\/\/michelmejuto.com\/web\/wp-content\/uploads\/2025\/12\/Portada.jpg","datePublished":"2025-12-01T12:17:53+00:00","dateModified":"2026-02-11T11:57:56+00:00","breadcrumb":{"@id":"https:\/\/michelmejuto.com\/txomin-badiola-%c2%b7-pello-irazu-%c2%b7-dario-urzay-nueva-york-primeros-anos-1990-1992\/#breadcrumb"},"inLanguage":"en-US","potentialAction":[{"@type":"ReadAction","target":["https:\/\/michelmejuto.com\/txomin-badiola-%c2%b7-pello-irazu-%c2%b7-dario-urzay-nueva-york-primeros-anos-1990-1992\/"]}]},{"@type":"ImageObject","inLanguage":"en-US","@id":"https:\/\/michelmejuto.com\/txomin-badiola-%c2%b7-pello-irazu-%c2%b7-dario-urzay-nueva-york-primeros-anos-1990-1992\/#primaryimage","url":"https:\/\/michelmejuto.com\/web\/wp-content\/uploads\/2025\/12\/Portada.jpg","contentUrl":"https:\/\/michelmejuto.com\/web\/wp-content\/uploads\/2025\/12\/Portada.jpg","width":877,"height":686},{"@type":"BreadcrumbList","@id":"https:\/\/michelmejuto.com\/txomin-badiola-%c2%b7-pello-irazu-%c2%b7-dario-urzay-nueva-york-primeros-anos-1990-1992\/#breadcrumb","itemListElement":[{"@type":"ListItem","position":1,"name":"Portada","item":"https:\/\/michelmejuto.com\/en\/"},{"@type":"ListItem","position":2,"name":"TXOMIN BADIOLA \u00b7 PELLO IRAZU \u00b7 DAR\u00cdO URZAY Nueva York. Primeros a\u00f1os 1990-1992"}]},{"@type":"WebSite","@id":"https:\/\/michelmejuto.com\/#website","url":"https:\/\/michelmejuto.com\/","name":"Galer\u00eda Michel Mejuto","description":"Galer\u00eda de Arte y Tasaciones","publisher":{"@id":"https:\/\/michelmejuto.com\/#organization"},"potentialAction":[{"@type":"SearchAction","target":{"@type":"EntryPoint","urlTemplate":"https:\/\/michelmejuto.com\/?s={search_term_string}"},"query-input":{"@type":"PropertyValueSpecification","valueRequired":true,"valueName":"search_term_string"}}],"inLanguage":"en-US"},{"@type":"Organization","@id":"https:\/\/michelmejuto.com\/#organization","name":"Galer\u00eda Michel Mejuto","url":"https:\/\/michelmejuto.com\/","logo":{"@type":"ImageObject","inLanguage":"en-US","@id":"https:\/\/michelmejuto.com\/#\/schema\/logo\/image\/","url":"https:\/\/michelmejuto.com\/web\/wp-content\/uploads\/2021\/11\/michel-mejuto-logo-galeria.png","contentUrl":"https:\/\/michelmejuto.com\/web\/wp-content\/uploads\/2021\/11\/michel-mejuto-logo-galeria.png","width":800,"height":135,"caption":"Galer\u00eda Michel Mejuto"},"image":{"@id":"https:\/\/michelmejuto.com\/#\/schema\/logo\/image\/"}},{"@type":"Person","@id":"https:\/\/michelmejuto.com\/#\/schema\/person\/a0ad96c0f1fad32354fc1d010d5203ba","name":"Amaia"}]}},"_links":{"self":[{"href":"https:\/\/michelmejuto.com\/en\/wp-json\/wp\/v2\/posts\/14008"}],"collection":[{"href":"https:\/\/michelmejuto.com\/en\/wp-json\/wp\/v2\/posts"}],"about":[{"href":"https:\/\/michelmejuto.com\/en\/wp-json\/wp\/v2\/types\/post"}],"author":[{"embeddable":true,"href":"https:\/\/michelmejuto.com\/en\/wp-json\/wp\/v2\/users\/4"}],"replies":[{"embeddable":true,"href":"https:\/\/michelmejuto.com\/en\/wp-json\/wp\/v2\/comments?post=14008"}],"version-history":[{"count":7,"href":"https:\/\/michelmejuto.com\/en\/wp-json\/wp\/v2\/posts\/14008\/revisions"}],"predecessor-version":[{"id":14103,"href":"https:\/\/michelmejuto.com\/en\/wp-json\/wp\/v2\/posts\/14008\/revisions\/14103"}],"wp:featuredmedia":[{"embeddable":true,"href":"https:\/\/michelmejuto.com\/en\/wp-json\/wp\/v2\/media\/14086"}],"wp:attachment":[{"href":"https:\/\/michelmejuto.com\/en\/wp-json\/wp\/v2\/media?parent=14008"}],"wp:term":[{"taxonomy":"category","embeddable":true,"href":"https:\/\/michelmejuto.com\/en\/wp-json\/wp\/v2\/categories?post=14008"},{"taxonomy":"post_tag","embeddable":true,"href":"https:\/\/michelmejuto.com\/en\/wp-json\/wp\/v2\/tags?post=14008"}],"curies":[{"name":"wp","href":"https:\/\/api.w.org\/{rel}","templated":true}]}}